{"id":1179,"date":"2018-09-15T21:09:16","date_gmt":"2018-09-15T19:09:16","guid":{"rendered":"http:\/\/www.fotoloco.de\/?p=1179"},"modified":"2018-09-17T21:47:40","modified_gmt":"2018-09-17T19:47:40","slug":"kim-sebastian","status":"publish","type":"post","link":"https:\/\/www.fotoloco.de\/?p=1179","title":{"rendered":"Kim &#038; Sebastian"},"content":{"rendered":"<p>Kim und Sebastian haben im Traumsommer 2018 den Bund der Ehe geschlossen. Leider machte der Sommer an diesem Tag eine Pause, es war eisig kalt. Aber zum Gl\u00fcck hat es nicht geregnet. F\u00fcr ihre standesamtliche Hochzeit haben sie sich f\u00fcr die Heimatstadt von Sebastian entschieden, ich fand es sehr sch\u00f6n zu sehen, wie&nbsp;wichtig ihnen genau diese Location war.&nbsp;<\/p>\n<div id=\"jig1\" class=\"justified-image-grid jig-cc27ffa6d58fe49c21a3540a3751df1f jig-preset-c1 jigFooBoxConnect\"><div class=\"jig-clearfix\"><\/div><noscript id=\"jig1-html\" class=\"justified-image-grid-html\" data-lazy-src=\"skiplazyload\" data-src=\"skipunveillazyload\"><ul><li><a href=\"https:\/\/www.fotoloco.de\/blog\/wp-content\/uploads\/2018\/09\/2018-08-25-Hochzeit-Kim-Sebi-26-301x450.jpg\"><img fetchpriority=\"high\" decoding=\"async\" src=\"https:\/\/www.fotoloco.de\/blog\/wp-content\/plugins\/justified-image-grid\/timthumb.php?src=https%3A%2F%2Fwww.fotoloco.de%2Fblog%2Fwp-content%2Fuploads%2F2018%2F09%2F2018-08-25-Hochzeit-Kim-Sebi-26-301x450.jpg&amp;h=280&amp;q=90&amp;f=.jpg\" alt=\"\" width=\"187\" height=\"280\" \/><\/a><\/li><li><a href=\"https:\/\/www.fotoloco.de\/blog\/wp-content\/uploads\/2018\/09\/2018-08-25-Hochzeit-Kim-Sebi-245-600x401.jpg\"><img decoding=\"async\" src=\"https:\/\/www.fotoloco.de\/blog\/wp-content\/plugins\/justified-image-grid\/timthumb.php?src=https%3A%2F%2Fwww.fotoloco.de%2Fblog%2Fwp-content%2Fuploads%2F2018%2F09%2F2018-08-25-Hochzeit-Kim-Sebi-245-600x401.jpg&amp;h=280&amp;q=90&amp;f=.jpg\" alt=\"\" width=\"418\" height=\"280\" \/><\/a><\/li><li><a href=\"https:\/\/www.fotoloco.de\/blog\/wp-content\/uploads\/2018\/09\/2018-08-25-Hochzeit-Kim-Sebi-476-301x450.jpg\"><img decoding=\"async\" src=\"https:\/\/www.fotoloco.de\/blog\/wp-content\/plugins\/justified-image-grid\/timthumb.php?src=https%3A%2F%2Fwww.fotoloco.de%2Fblog%2Fwp-content%2Fuploads%2F2018%2F09%2F2018-08-25-Hochzeit-Kim-Sebi-476-301x450.jpg&amp;h=280&amp;q=90&amp;f=.jpg\" alt=\"\" width=\"187\" height=\"280\" \/><\/a><\/li><li><a href=\"https:\/\/www.fotoloco.de\/blog\/wp-content\/uploads\/2018\/09\/2018-08-25-Hochzeit-Kim-Sebi-601-600x401.jpg\"><img loading=\"lazy\" decoding=\"async\" src=\"https:\/\/www.fotoloco.de\/blog\/wp-content\/plugins\/justified-image-grid\/timthumb.php?src=https%3A%2F%2Fwww.fotoloco.de%2Fblog%2Fwp-content%2Fuploads%2F2018%2F09%2F2018-08-25-Hochzeit-Kim-Sebi-601-600x401.jpg&amp;h=280&amp;q=90&amp;f=.jpg\" alt=\"\" width=\"418\" height=\"280\" \/><\/a><\/li><li><a href=\"https:\/\/www.fotoloco.de\/blog\/wp-content\/uploads\/2018\/09\/2018-08-25-Hochzeit-Kim-Sebi-634-600x401.jpg\"><img loading=\"lazy\" decoding=\"async\" src=\"https:\/\/www.fotoloco.de\/blog\/wp-content\/plugins\/justified-image-grid\/timthumb.php?src=https%3A%2F%2Fwww.fotoloco.de%2Fblog%2Fwp-content%2Fuploads%2F2018%2F09%2F2018-08-25-Hochzeit-Kim-Sebi-634-600x401.jpg&amp;h=280&amp;q=90&amp;f=.jpg\" alt=\"\" width=\"418\" height=\"280\" \/><\/a><\/li><li><a href=\"https:\/\/www.fotoloco.de\/blog\/wp-content\/uploads\/2018\/09\/2018-08-25-Hochzeit-Kim-Sebi-676-301x450.jpg\"><img loading=\"lazy\" decoding=\"async\" src=\"https:\/\/www.fotoloco.de\/blog\/wp-content\/plugins\/justified-image-grid\/timthumb.php?src=https%3A%2F%2Fwww.fotoloco.de%2Fblog%2Fwp-content%2Fuploads%2F2018%2F09%2F2018-08-25-Hochzeit-Kim-Sebi-676-301x450.jpg&amp;h=280&amp;q=90&amp;f=.jpg\" alt=\"\" width=\"187\" height=\"280\" \/><\/a><\/li><li><a href=\"https:\/\/www.fotoloco.de\/blog\/wp-content\/uploads\/2018\/09\/2018-08-25-Hochzeit-Kim-Sebi-823-600x401.jpg\"><img loading=\"lazy\" decoding=\"async\" src=\"https:\/\/www.fotoloco.de\/blog\/wp-content\/plugins\/justified-image-grid\/timthumb.php?src=https%3A%2F%2Fwww.fotoloco.de%2Fblog%2Fwp-content%2Fuploads%2F2018%2F09%2F2018-08-25-Hochzeit-Kim-Sebi-823-600x401.jpg&amp;h=280&amp;q=90&amp;f=.jpg\" alt=\"\" width=\"418\" height=\"280\" \/><\/a><\/li><li><a href=\"https:\/\/www.fotoloco.de\/blog\/wp-content\/uploads\/2018\/09\/2018-08-25-Hochzeit-Kim-Sebi-892-600x401.jpg\"><img loading=\"lazy\" decoding=\"async\" src=\"https:\/\/www.fotoloco.de\/blog\/wp-content\/plugins\/justified-image-grid\/timthumb.php?src=https%3A%2F%2Fwww.fotoloco.de%2Fblog%2Fwp-content%2Fuploads%2F2018%2F09%2F2018-08-25-Hochzeit-Kim-Sebi-892-600x401.jpg&amp;h=280&amp;q=90&amp;f=.jpg\" alt=\"\" width=\"418\" height=\"280\" \/><\/a><\/li><li><a href=\"https:\/\/www.fotoloco.de\/blog\/wp-content\/uploads\/2018\/09\/2018-08-25-Hochzeit-Kim-Sebi-964-301x450.jpg\"><img loading=\"lazy\" decoding=\"async\" src=\"https:\/\/www.fotoloco.de\/blog\/wp-content\/plugins\/justified-image-grid\/timthumb.php?src=https%3A%2F%2Fwww.fotoloco.de%2Fblog%2Fwp-content%2Fuploads%2F2018%2F09%2F2018-08-25-Hochzeit-Kim-Sebi-964-301x450.jpg&amp;h=280&amp;q=90&amp;f=.jpg\" alt=\"\" width=\"187\" height=\"280\" \/><\/a><\/li><li><a href=\"https:\/\/www.fotoloco.de\/blog\/wp-content\/uploads\/2018\/09\/2018-08-25-Hochzeit-Kim-Sebi-972-600x401.jpg\"><img loading=\"lazy\" decoding=\"async\" src=\"https:\/\/www.fotoloco.de\/blog\/wp-content\/plugins\/justified-image-grid\/timthumb.php?src=https%3A%2F%2Fwww.fotoloco.de%2Fblog%2Fwp-content%2Fuploads%2F2018%2F09%2F2018-08-25-Hochzeit-Kim-Sebi-972-600x401.jpg&amp;h=280&amp;q=90&amp;f=.jpg\" alt=\"\" width=\"418\" height=\"280\" \/><\/a><\/li><li><a href=\"https:\/\/www.fotoloco.de\/blog\/wp-content\/uploads\/2018\/09\/2018-08-25-Hochzeit-Kim-Sebi-985-600x401.jpg\"><img loading=\"lazy\" decoding=\"async\" src=\"https:\/\/www.fotoloco.de\/blog\/wp-content\/plugins\/justified-image-grid\/timthumb.php?src=https%3A%2F%2Fwww.fotoloco.de%2Fblog%2Fwp-content%2Fuploads%2F2018%2F09%2F2018-08-25-Hochzeit-Kim-Sebi-985-600x401.jpg&amp;h=280&amp;q=90&amp;f=.jpg\" alt=\"\" width=\"418\" height=\"280\" \/><\/a><\/li><li><a href=\"https:\/\/www.fotoloco.de\/blog\/wp-content\/uploads\/2018\/09\/2018-08-25-Hochzeit-Kim-Sebi-992-600x401.jpg\"><img loading=\"lazy\" decoding=\"async\" src=\"https:\/\/www.fotoloco.de\/blog\/wp-content\/plugins\/justified-image-grid\/timthumb.php?src=https%3A%2F%2Fwww.fotoloco.de%2Fblog%2Fwp-content%2Fuploads%2F2018%2F09%2F2018-08-25-Hochzeit-Kim-Sebi-992-600x401.jpg&amp;h=280&amp;q=90&amp;f=.jpg\" alt=\"\" width=\"418\" height=\"280\" \/><\/a><\/li><li><a href=\"https:\/\/www.fotoloco.de\/blog\/wp-content\/uploads\/2018\/09\/2018-08-25-Hochzeit-Kim-Sebi-1009-600x401.jpg\"><img loading=\"lazy\" decoding=\"async\" src=\"https:\/\/www.fotoloco.de\/blog\/wp-content\/plugins\/justified-image-grid\/timthumb.php?src=https%3A%2F%2Fwww.fotoloco.de%2Fblog%2Fwp-content%2Fuploads%2F2018%2F09%2F2018-08-25-Hochzeit-Kim-Sebi-1009-600x401.jpg&amp;h=280&amp;q=90&amp;f=.jpg\" alt=\"\" width=\"418\" height=\"280\" \/><\/a><\/li><li><a href=\"https:\/\/www.fotoloco.de\/blog\/wp-content\/uploads\/2018\/09\/2018-08-25-Hochzeit-Kim-Sebi-1022-301x450.jpg\"><img loading=\"lazy\" decoding=\"async\" src=\"https:\/\/www.fotoloco.de\/blog\/wp-content\/plugins\/justified-image-grid\/timthumb.php?src=https%3A%2F%2Fwww.fotoloco.de%2Fblog%2Fwp-content%2Fuploads%2F2018%2F09%2F2018-08-25-Hochzeit-Kim-Sebi-1022-301x450.jpg&amp;h=280&amp;q=90&amp;f=.jpg\" alt=\"\" width=\"187\" height=\"280\" \/><\/a><\/li><li><a href=\"https:\/\/www.fotoloco.de\/blog\/wp-content\/uploads\/2018\/09\/2018-08-25-Hochzeit-Kim-Sebi-1054-600x401.jpg\"><img loading=\"lazy\" decoding=\"async\" src=\"https:\/\/www.fotoloco.de\/blog\/wp-content\/plugins\/justified-image-grid\/timthumb.php?src=https%3A%2F%2Fwww.fotoloco.de%2Fblog%2Fwp-content%2Fuploads%2F2018%2F09%2F2018-08-25-Hochzeit-Kim-Sebi-1054-600x401.jpg&amp;h=280&amp;q=90&amp;f=.jpg\" alt=\"\" width=\"418\" height=\"280\" \/><\/a><\/li><li><a href=\"https:\/\/www.fotoloco.de\/blog\/wp-content\/uploads\/2018\/09\/2018-08-25-Hochzeit-Kim-Sebi-1071-600x401.jpg\"><img loading=\"lazy\" decoding=\"async\" src=\"https:\/\/www.fotoloco.de\/blog\/wp-content\/plugins\/justified-image-grid\/timthumb.php?src=https%3A%2F%2Fwww.fotoloco.de%2Fblog%2Fwp-content%2Fuploads%2F2018%2F09%2F2018-08-25-Hochzeit-Kim-Sebi-1071-600x401.jpg&amp;h=280&amp;q=90&amp;f=.jpg\" alt=\"\" width=\"418\" height=\"280\" \/><\/a><\/li><\/ul><\/noscript><\/div>\n<input class=\"fooboxshare_post_id\" type=\"hidden\" value=\"1179\"\/>","protected":false},"excerpt":{"rendered":"<p>Kim und Sebastian haben im Traumsommer 2018 den Bund der Ehe geschlossen. Leider machte der Sommer an diesem Tag eine Pause, es war eisig kalt. Aber zum Gl\u00fcck hat es nicht geregnet. F\u00fcr ihre standesamtliche Hochzeit haben sie sich f\u00fcr die Heimatstadt von Sebastian entschieden, ich fand es sehr sch\u00f6n zu sehen, wie&nbsp;wichtig ihnen genau diese Location war.&nbsp;<\/p>\n","protected":false},"author":2,"featured_media":1191,"comment_status":"open","ping_status":"open","sticky":false,"template":"","format":"standard","meta":{"ngg_post_thumbnail":0,"footnotes":""},"categories":[3],"tags":[],"class_list":["post-1179","post","type-post","status-publish","format-standard","has-post-thumbnail","hentry","category-hochzeit"],"acf":[],"_links":{"self":[{"href":"https:\/\/www.fotoloco.de\/index.php?rest_route=\/wp\/v2\/posts\/1179","targetHints":{"allow":["GET"]}}],"collection":[{"href":"https:\/\/www.fotoloco.de\/index.php?rest_route=\/wp\/v2\/posts"}],"about":[{"href":"https:\/\/www.fotoloco.de\/index.php?rest_route=\/wp\/v2\/types\/post"}],"author":[{"embeddable":true,"href":"https:\/\/www.fotoloco.de\/index.php?rest_route=\/wp\/v2\/users\/2"}],"replies":[{"embeddable":true,"href":"https:\/\/www.fotoloco.de\/index.php?rest_route=%2Fwp%2Fv2%2Fcomments&post=1179"}],"version-history":[{"count":5,"href":"https:\/\/www.fotoloco.de\/index.php?rest_route=\/wp\/v2\/posts\/1179\/revisions"}],"predecessor-version":[{"id":1203,"href":"https:\/\/www.fotoloco.de\/index.php?rest_route=\/wp\/v2\/posts\/1179\/revisions\/1203"}],"wp:featuredmedia":[{"embeddable":true,"href":"https:\/\/www.fotoloco.de\/index.php?rest_route=\/wp\/v2\/media\/1191"}],"wp:attachment":[{"href":"https:\/\/www.fotoloco.de\/index.php?rest_route=%2Fwp%2Fv2%2Fmedia&parent=1179"}],"wp:term":[{"taxonomy":"category","embeddable":true,"href":"https:\/\/www.fotoloco.de\/index.php?rest_route=%2Fwp%2Fv2%2Fcategories&post=1179"},{"taxonomy":"post_tag","embeddable":true,"href":"https:\/\/www.fotoloco.de\/index.php?rest_route=%2Fwp%2Fv2%2Ftags&post=1179"}],"curies":[{"name":"wp","href":"https:\/\/api.w.org\/{rel}","templated":true}]}}